
{"id":5732,"date":"2025-05-24T09:53:26","date_gmt":"2025-05-24T07:53:26","guid":{"rendered":"https:\/\/www.psanihrave.cz\/blog\/?p=5732"},"modified":"2025-06-06T18:37:02","modified_gmt":"2025-06-06T16:37:02","slug":"kdyz-se-pise-o-zavod-mistrovstvi-v-psani-vsemi-deseti-2025","status":"publish","type":"post","link":"https:\/\/www.psanihrave.cz\/blog\/skoly\/co-nejlepe-funguje-ve-vyuce\/kdyz-se-pise-o-zavod-mistrovstvi-v-psani-vsemi-deseti-2025\/","title":{"rendered":"Kdy\u017e se p\u00ed\u0161e o z\u00e1vod: Mistrovstv\u00ed v psan\u00ed v\u0161emi deseti 2025"},"content":{"rendered":"<p class=\"western\" align=\"left\"><span style=\"font-family: Arial, sans-serif;\"><span style=\"font-size: medium;\">P\u0159es 1100 \u017e\u00e1k\u016f, des\u00edtky \u0161kol a jeden t\u00fdden, kdy kl\u00e1vesnice svi\u0161t\u011bly naplno. Mistrovstv\u00ed v psan\u00ed v\u0161emi deseti 2025 p\u0159ineslo skv\u011bl\u00e9 v\u00fdkony, radost z pokroku i p\u0159\u00edb\u011bhy, kter\u00e9 stoj\u00ed za sd\u00edlen\u00ed. Jak m\u016f\u017ee psan\u00ed na kl\u00e1vesnici probudit sout\u011b\u017eivost, motivaci a radost ze zlep\u0161ov\u00e1n\u00ed? Odpov\u011b\u010f jsme letos vid\u011bli na vlastn\u00ed o\u010di. A byli u toho stovky \u017e\u00e1k\u016f i jejich u\u010ditel\u00e9.<\/span><\/span><\/p>\n<h3 align=\"left\"><\/h3>\n<h3 class=\"western\" align=\"left\">\ud83d\udca5 <span style=\"font-family: Arial, sans-serif;\"><span style=\"font-size: medium;\"><b>Mistrovstv\u00ed, kter\u00e9 o\u017e\u00edv\u00e1 pod prsty<\/b><\/span><\/span><\/h3>\n<p class=\"western\" align=\"left\"><span style=\"font-family: Arial, sans-serif;\"><span style=\"font-size: medium;\">Na ja\u0159e 2025 se do Mistrovstv\u00ed v psan\u00ed v\u0161emi deseti zapojilo p\u0159es 1100 \u017e\u00e1k\u016f ze <\/span><\/span><b><span style=\"font-family: Arial, sans-serif;\"><span style=\"font-size: medium;\">66 z\u00e1kladn\u00edch a st\u0159edn\u00edch \u0161kol<\/span><\/span><\/b><span style=\"font-family: Arial, sans-serif;\"><span style=\"font-size: medium;\"> z cel\u00e9 \u010cR. A ne\u0161lo jen o rychlost \u2013 \u0161lo o soust\u0159ed\u011bn\u00ed, p\u0159esnost, ale i o emoce, podporu a radost z ka\u017ed\u00e9ho pokroku.<\/span><\/span><\/p>\n<p class=\"western\" align=\"left\"><span style=\"font-family: Arial, sans-serif;\"><span style=\"font-size: medium;\">Ka\u017ed\u00fd sout\u011b\u017e\u00edc\u00ed m\u011bl <\/span><\/span><b><span style=\"font-family: Arial, sans-serif;\"><span style=\"font-size: medium;\">t\u0159i pokusy<\/span><\/span><\/b><span style=\"font-family: Arial, sans-serif;\"><span style=\"font-size: medium;\">, aby p\u0159edvedl to nejlep\u0161\u00ed, co v n\u011bm je. Sout\u011b\u017en\u00ed \u00fakol byl jasn\u00fd: <\/span><\/span><b><span style=\"font-family: Arial, sans-serif;\"><span style=\"font-size: medium;\">opsat text bez chyb a co nejrychleji<\/span><\/span><\/b><span style=\"font-family: Arial, sans-serif;\"><span style=\"font-size: medium;\">. <\/span><\/span><\/p>\n<p class=\"western\" align=\"left\"><span style=\"font-family: Arial, sans-serif;\"><span style=\"font-size: medium;\">Kdy\u017e jsme tuhle sout\u011b\u017e vym\u00fd\u0161leli, cht\u011bli jsme n\u011bco v\u00edc ne\u017e jen test. Cht\u011bli jsme z\u00e1\u017eitek, kter\u00fd:<\/span><\/span><\/p>\n<p class=\"western\" align=\"left\">\ud83d\udcc9 <span style=\"font-family: Arial, sans-serif;\"><span style=\"font-size: medium;\">motivuje <\/span><\/span><\/p>\n<p class=\"western\" align=\"left\"><span style=\"font-family: Arial, sans-serif;\"><span style=\"font-size: medium;\">\ud83c\udfeb spojuje \u0161koly a studenty <\/span><\/span><\/p>\n<p class=\"western\" align=\"left\"><span style=\"font-family: Arial, sans-serif;\"><span style=\"font-size: medium;\">\ud83d\ude80 d\u00e1v\u00e1 u\u010ditel\u016fm i \u017e\u00e1k\u016fm hrd\u00fd pocit z dob\u0159e odveden\u00e9 pr\u00e1ce<\/span><\/span><\/p>\n<p class=\"western\" align=\"left\"><span style=\"font-family: Arial, sans-serif;\"><span style=\"font-size: medium;\">A to se, d\u00edky v\u00e1m v\u0161em, povedlo! \ud83d\ude4c<\/span><\/span><\/p>\n<h3 align=\"left\"><\/h3>\n<h3 class=\"western\" align=\"left\">\ud83c\udfc6 <span style=\"font-family: Arial, sans-serif;\"><span style=\"font-size: medium;\"><b>\u0160ampioni kl\u00e1vesnice: kdo letos zaz\u00e1\u0159il?<\/b><\/span><\/span><\/h3>\n<p class=\"western\" align=\"left\"><span style=\"font-family: Arial, sans-serif;\"><span style=\"font-size: medium;\">Sout\u011b\u017e m\u011bla jednoduch\u00e9, ale f\u00e9rov\u00e9 zad\u00e1n\u00ed: opsat kr\u00e1tk\u00fd text co nejrychleji a bez chyb. V\u00fdsledky byly dechberouc\u00ed.<\/span><\/span><\/p>\n<h6 align=\"left\"><\/h6>\n<p class=\"western\" align=\"left\"><b><span style=\"font-family: Arial, sans-serif;\"><span style=\"font-size: medium;\">St\u0159edn\u00ed \u0161koly:<\/span><\/span><\/b><\/p>\n<p class=\"western\" align=\"left\"><span style=\"font-family: Arial, sans-serif;\"><span style=\"font-size: medium;\">\ud83e\udd47 <strong>Mat\u011bj Klep\u00e1\u010dek<\/strong> \u2013 Gymn\u00e1zium M. Kopern\u00edka, B\u00edlovec \u2013 313 \u00fahoz\u016f\/min, 0 % chyb<br \/>\n\ud83e\udd48 <strong>Nela Harvey<\/strong> \u2013 stejn\u00e1 \u0161kola \u2013 256 \u00fahoz\u016f\/min, 0 % chyb<br \/>\n\ud83e\udd49<strong> Tobi\u00e1\u0161 Tengl<\/strong> \u2013 Gymn\u00e1zium a SO\u0160 pro ZP, Praha \u2013 236 \u00fahoz\u016f\/min, 0 % chyb<\/span><\/span><\/p>\n<h6 align=\"left\"><\/h6>\n<p class=\"western\" align=\"left\"><b><span style=\"font-family: Arial, sans-serif;\"><span style=\"font-size: medium;\">Z\u00e1kladn\u00ed \u0161koly:<\/span><\/span><\/b><\/p>\n<p class=\"western\" align=\"left\"><span style=\"font-family: Arial, sans-serif;\"><span style=\"font-size: medium;\">\ud83e\udd47 <strong>Maxmili\u00e1n Charamza<\/strong> \u2013 Podkru\u0161nohorsk\u00e9 gymn\u00e1zium, Most \u2013 226 \u00fahoz\u016f\/min, 0 % chyb<br \/>\n\ud83e\udd48 <strong>Franti\u0161ek Da\u0148a<\/strong> \u2013 Gymn\u00e1zium M. Kopern\u00edka, B\u00edlovec \u2013 203 \u00fahoz\u016f\/min, 0 % chyb<br \/>\n\ud83e\udd49 <strong>Mat\u011bj Kupka<\/strong> \u2013 tent\u00fd\u017e \u00fastav \u2013 189 \u00fahoz\u016f\/min, 0 % chyb<\/span><\/span><\/p>\n<h6 align=\"left\"><\/h6>\n<p class=\"western\" align=\"left\">\ud83e\udd47 <span style=\"font-family: Arial, sans-serif;\"><span style=\"font-size: medium;\">Nej\u00fasp\u011b\u0161n\u011bj\u0161\u00ed \u0161kolou roku 2025 se v obou kategori\u00edch stalo Gymn\u00e1zium Mikul\u00e1\u0161e Kopern\u00edka v B\u00edlovci.<\/span><\/span><\/p>\n<h3 align=\"left\"><\/h3>\n<h3 class=\"western\" align=\"left\">\ud83d\udcc5 <span style=\"font-family: Arial, sans-serif;\"><span style=\"font-size: medium;\"><b>T\u00fdden emoc\u00ed, sm\u00edchu i nap\u011bt\u00ed<\/b><\/span><\/span><\/h3>\n<p class=\"western\" align=\"left\"><span style=\"font-family: Arial, sans-serif;\"><span style=\"font-size: medium;\">Pro n\u011bkoho to byla premi\u00e9ra, pro jin\u00e9 dal\u0161\u00ed pokus zlep\u0161it si sv\u00e9 rekordy. Ale ka\u017ed\u00fd m\u011bl p\u0159\u00edle\u017eitost zaz\u00e1\u0159it. Ve t\u0159\u00edd\u00e1ch se fandilo, sm\u00e1lo, zadr\u017eoval se dech p\u0159i posledn\u00edch vte\u0159in\u00e1ch pokusu.<\/span><\/span><\/p>\n<p class=\"western\" align=\"left\"><span style=\"font-family: Arial, sans-serif;\"><span style=\"font-size: medium;\">\u017d\u00e1ci objevovali, \u017ee psan\u00ed v\u0161emi deseti nen\u00ed nuda \u2013 ale dovednost, kterou zvl\u00e1dnou zlep\u0161it hrav\u011b a bez stresu. A u\u010ditel\u00e9? Ti zaslou\u017e\u00ed obrovsk\u00fd obdiv. Pr\u00e1v\u011b oni byli t\u011bmi, kdo \u017e\u00e1ky motivovali, vedli a podporovali.<\/span><\/span><\/p>\n<h3 align=\"left\"><\/h3>\n<h3 class=\"western\" align=\"left\"><span style=\"font-family: Arial, sans-serif;\"><span style=\"font-size: medium;\"><b>P\u0159\u00edb\u011bh, kter\u00fd inspiruje<\/b><\/span><\/span><\/h3>\n<p class=\"western\" align=\"left\"><span style=\"font-size: medium;\">Zvl\u00e1\u0161tn\u00ed pozornost si zaslou\u017e\u00ed it\u0159et\u00ed m\u00edsto mezi st\u0159edn\u00edmi \u0161kolami. Obsadil ho <\/span><strong><span style=\"font-size: medium;\">Tobi\u00e1\u0161 Tengl<\/span><\/strong><span style=\"font-size: medium;\">, student 2. ro\u010dn\u00edku Obchodn\u00ed akademie pro zrakov\u011b posti\u017een\u00e9 v Praze. Tobi\u00e1\u0161 \u017eije se zelen\u00fdm z\u00e1kalem a p\u00ed\u0161e v\u0161emi deseti s technikou, kter\u00e1 mu umo\u017e\u0148uje pln\u011b se soust\u0159edit na obsah textu \u2013 nikoliv na jednotliv\u00e1 p\u00edsmena.<\/span><\/p>\n<p class=\"western\"><span style=\"font-size: medium;\">Od osm\u00e9 t\u0159\u00eddy z\u00e1kladn\u00ed \u0161koly zapisuje v\u00fduku kompletn\u011b na kl\u00e1vesnici a od prvn\u00edho ro\u010dn\u00edku st\u0159edn\u00ed \u0161koly tr\u00e9nuje pomoc\u00ed kurzu Psan\u00ed Hrav\u011b. Pracuje v adaptovan\u00e9m re\u017eimu pro slabozrak\u00e9 (\u010dern\u00e9 pozad\u00ed) a v sout\u011b\u017ei dos\u00e1hl v\u00fdkonu <\/span><strong><span style=\"font-size: medium;\">236 \u00fahoz\u016f za minutu bez jedin\u00e9 chyby<\/span><\/strong><span style=\"font-size: medium;\">. <\/span><\/p>\n<p class=\"western\"><span style=\"font-size: medium;\">Jeho v\u00fdsledek i vytrvalost jsou pro n\u00e1s inspirac\u00ed \u2013 a d\u016fkazem, \u017ee kdy\u017e maj\u00ed \u017e\u00e1ci spr\u00e1vn\u00e9 n\u00e1stroje a podporu, nic nen\u00ed nemo\u017en\u00e9.<\/span><\/p>\n<h3 align=\"left\"><img loading=\"lazy\" decoding=\"async\" class=\"wp-image-5798 aligncenter\" src=\"https:\/\/www.psanihrave.cz\/blog\/wp-content\/uploads\/2025\/05\/Tobias-Tengl-Gymnazium-Radlicka-scaled.jpg\" alt=\"\" width=\"313\" height=\"418\" \/><\/h3>\n<h3 class=\"western\" align=\"left\">\ud83c\udf81 <span style=\"font-family: Arial, sans-serif;\"><span style=\"font-size: medium;\"><b>D\u00e1rky, kter\u00e9 pot\u011b\u0161\u00ed i inspiruj\u00ed<\/b><\/span><\/span><\/h3>\n<p class=\"western\" align=\"left\"><span style=\"font-family: Arial, sans-serif;\"><span style=\"font-size: medium;\">Letos jsme se mohli spolehnout na podporu skv\u011bl\u00fdch partner\u016f:<\/span><\/span><\/p>\n<p class=\"western\" align=\"left\">\ud83c\udf93 <span style=\"font-family: Arial, sans-serif;\"><span style=\"font-size: medium;\"><a href=\"https:\/\/mensa.cz\/\" target=\"_blank\" rel=\"noopener\"><strong>Mensa \u010cesko<\/strong><\/a> \u2013 IQ testy a slevy pro v\u00edt\u011bzn\u00e9 \u0161koly<br \/>\n\ud83c\udfa8 <a href=\"https:\/\/activacek.cz\/\" target=\"_blank\" rel=\"noopener\"><strong>Activ\u00e1\u010dek.cz<\/strong><\/a> \u2013 pouk\u00e1zky i slevov\u00fd k\u00f3d pro v\u0161echny \u00fa\u010dastn\u00edky<br \/>\n\ud83d\udcda <a href=\"https:\/\/aidetem.cz\/\" target=\"_blank\" rel=\"noopener\"><strong>AI d\u011btem<\/strong><\/a> \u2013 knihy o strojov\u00e9m u\u010den\u00ed pro mlad\u00e9 mozky<br \/>\n\ud83c\udf81 <a href=\"https:\/\/www.muni.cz\/studenti\/studentske-spolky\/spolek-pratel-pdf-muni\" target=\"_blank\" rel=\"noopener\"><strong>Spolek p\u0159\u00e1tel PDF MUNI<\/strong><\/a> \u2013 bal\u00ed\u010dky s univerzitn\u00edmi d\u00e1rky<\/span><\/span><\/p>\n<h6 align=\"left\"><\/h6>\n<p class=\"western\" align=\"left\"><span style=\"font-family: Arial, sans-serif;\"><span style=\"font-size: medium;\">V\u00edt\u011bzn\u00e9 \u0161koly a \u017e\u00e1ci si tak odnesli nejen diplom, ale i inspiraci k dal\u0161\u00edmu rozvoji. A v\u00edme, \u017ee pr\u00e1v\u011b tyhle v\u011bci d\u011blaj\u00ed z Mistrovstv\u00ed v\u00edc ne\u017e jen sout\u011b\u017e.<\/span><\/span><\/p>\n<h3 align=\"left\"><\/h3>\n<h3 class=\"western\" align=\"left\">\ud83d\udcf7 <span style=\"font-family: Arial, sans-serif;\"><span style=\"font-size: medium;\">V\u00fdzva ke sd\u00edlen\u00ed <\/span><\/span><\/h3>\n<p class=\"western\" align=\"left\"><span style=\"font-family: Arial, sans-serif;\"><span style=\"font-size: medium;\">z\u00e1\u017eitk\u016f na s\u00edt\u00edch letos op\u011bt p\u0159inesla vlnu kr\u00e1sn\u00fdch momentek. D\u011bkujeme v\u0161em, kdo se zapojili. Pokud v\u00e1s podobn\u00e9 v\u00fdzvy zaj\u00edmaj\u00ed, <\/span><\/span><b><span style=\"font-family: Arial, sans-serif;\"><span style=\"font-size: medium;\">sledujte n\u00e1s na <a href=\"http:\/\/www.facebook.com\/psanihrave\" target=\"_blank\" rel=\"noopener\">Facebooku<\/a> a <a href=\"http:\/\/www.instagram.com\/psanihrave\">Instagramu<\/a> @psanihrave<\/span><\/span><\/b><span style=\"font-family: Arial, sans-serif;\"><span style=\"font-size: medium;\"> \u2013 nic v\u00e1m neute\u010de.<\/span><\/span><\/p>\n<h3 align=\"left\"><\/h3>\n<h3 class=\"western\" align=\"left\"><span style=\"font-family: Arial, sans-serif;\"><span style=\"font-size: medium;\"><b>Pom\u00e1h\u00e1te n\u00e1m r\u016fst<\/b><\/span><\/span><\/h3>\n<p class=\"western\" align=\"left\"><span style=\"font-family: Arial, sans-serif;\"><span style=\"font-size: medium;\">Po skon\u010den\u00ed sout\u011b\u017ee jsme u\u010ditel\u016fm zaslali kr\u00e1tk\u00fd dotazn\u00edk s prosbou o zp\u011btnou vazbu. Va\u0161e post\u0159ehy a zku\u0161enosti jsou pro n\u00e1s nesm\u00edrn\u011b cenn\u00e9 \u2013 pom\u00e1haj\u00ed n\u00e1m ladit sout\u011b\u017e tak, aby byla p\u0159\u00ed\u0161t\u011b je\u0161t\u011b lep\u0161\u00ed, z\u00e1bavn\u011bj\u0161\u00ed a p\u0159\u00ednosn\u011bj\u0161\u00ed pro ka\u017ed\u00e9ho z v\u00e1s.<\/span><\/span><\/p>\n<h3 align=\"left\"><\/h3>\n<hr \/>\n<p class=\"western\" align=\"left\">\ud83d\udd17 \ud83c\udf93 <span style=\"font-family: Arial, sans-serif;\"><span style=\"font-size: medium;\">Jste u\u010ditel a chcete to taky za\u017e\u00edt? Vytvo\u0159te si <\/span><\/span><b><span style=\"font-family: Arial, sans-serif;\"><span style=\"font-size: medium;\">\u0161koln\u00ed \u00fa\u010det zdarma<\/span><\/span><\/b><span style=\"font-family: Arial, sans-serif;\"><span style=\"font-size: medium;\"> a vyzkou\u0161ejte trial verzi kurz do 10 kl\u00e1ves se \u017e\u00e1ky je\u0161t\u011b dnes. Sta\u010d\u00ed p\u00e1r klik\u016f \u2192<\/span><\/span><\/p>\n<p style=\"text-align: center;\" align=\"left\"><a href='http:\/\/www.psanihrave.cz\/skoly' class='small-button smallgreen' target=\"_blank\">ZDARMA zalo\u017eit \u0161koln\u00ed \u00fa\u010det<\/a><\/p>\n<hr \/>\n<h3 class=\"western\" align=\"left\"><strong>\ud83d\udce5 <span style=\"font-family: Arial, sans-serif;\"><span style=\"font-size: medium;\">Co najdete pod \u010dl\u00e1nkem:<\/span><\/span><\/strong><\/h3>\n<ul>\n<li>\n<p class=\"western\" align=\"left\"><span style=\"font-family: Arial, sans-serif;\"><span style=\"font-size: medium;\">Sout\u011b\u017en\u00ed texty, kter\u00e9 si m\u016f\u017eete sami vyzkou\u0161et \u270d\ufe0f<\/span><\/span><\/p>\n<\/li>\n<li>\n<p class=\"western\" align=\"left\"><span style=\"font-family: Arial, sans-serif;\"><span style=\"font-size: medium;\">Fotky z Mistrovstv\u00ed \u2013 v\u00edt\u011bzov\u00e9, dary, atmosf\u00e9ra ve t\u0159\u00edd\u00e1ch \ud83d\udcf8<\/span><\/span><\/p>\n<\/li>\n<\/ul>\n<hr \/>\n<h3 class=\"western\" style=\"text-align: left;\" align=\"left\"><strong>\ud83d\udcc4 <span style=\"font-family: Arial, sans-serif;\"><span style=\"font-size: medium;\">Doporu\u010den\u00e9 \u010dten\u00ed:<\/span><\/span><\/strong><\/h3>\n<p class=\"western\" style=\"text-align: center;\" align=\"left\"><span style=\"font-family: Arial, sans-serif;\"><span style=\"font-size: medium;\"><br \/>\n<\/span><\/span><span style=\"color: #000080;\"><u><a href=\"https:\/\/www.psanihrave.cz\/blog\/skoly\/dve-ucitelky-tri-programy-a-jedno-rozhodnuti-co-skutecne-funguje-pri-vyuce-psani-vsemi-deseti\/\" target=\"_blank\" rel=\"noopener\"><span style=\"font-family: Arial, sans-serif;\"><span style=\"font-size: medium;\"><b>Dv\u011b u\u010ditelky, t\u0159i programy a jedno rozhodnut\u00ed: Co skute\u010dn\u011b funguje p\u0159i v\u00fduce psan\u00ed v\u0161emi deseti?<\/b><\/span><\/span><\/a><\/u><\/span><\/p>\n<hr size=\"1\" \/>\n<h3><\/h3>\n<p class=\"western\" align=\"left\"><span style=\"font-family: Arial, sans-serif;\"><span style=\"font-size: medium;\">D\u011bkujeme v\u0161em, kte\u0159\u00ed se zapojili. \u017d\u00e1k\u016fm, \u0161kol\u00e1m, u\u010ditel\u016fm, partner\u016fm. D\u011bkujeme za energii, za chu\u0165, za ka\u017edou vte\u0159inu trp\u011blivosti p\u0159i n\u00e1cvic\u00edch.<\/span><\/span><\/p>\n<p class=\"western\" align=\"left\"><span style=\"font-family: Arial, sans-serif;\"><span style=\"font-size: medium;\">A d\u011bkujeme, \u017ee pom\u00e1h\u00e1te mlad\u00fdm lidem d\u011blat pokroky, kter\u00e9 jim fakt zm\u011bn\u00ed \u017eivot. \ud83c\udf31<\/span><\/span><\/p>\n<h3 align=\"left\"><\/h3>\n<p class=\"western\" align=\"left\"><span style=\"font-family: Arial, sans-serif;\"><span style=\"font-size: medium;\">T\u011b\u0161\u00edme se p\u0159\u00ed\u0161t\u00ed rok!<\/span><\/span><\/p>\n<h3 align=\"left\"><\/h3>\n<p class=\"western\" align=\"left\"><span style=\"font-family: Arial, sans-serif;\"><span style=\"font-size: medium;\">T\u00fdm Psan\u00ed Hrav\u011b \ud83d\udc9b<\/span><\/span><\/p>\n<h3 align=\"left\"><\/h3>\n<hr \/>\n<h6 align=\"left\"><\/h6>\n<p class=\"western\" align=\"left\"><span style=\"font-family: Arial, sans-serif;\"><span style=\"font-size: medium;\"><strong>Sout\u011b\u017en\u00ed text st\u0159edn\u00edch \u0161kol:<\/strong><br \/>\nZn\u00e1\u0161 ten den, kdy se v\u0161echno rozhodne j\u00edt proti tob\u011b? R\u00e1no se ti vylije \u010daj na jedin\u00e9 \u010dist\u00e9 tri\u010dko, kl\u00ed\u010de se z\u00e1hadn\u011b ztrat\u00ed a autobus ti ujede p\u0159ed nosem. A kdy\u017e u\u017e si mysl\u00ed\u0161, \u017ee m\u00e1\u0161 v\u0161echno pod kontrolou, mobil ti ozn\u00e1m\u00ed aktualizaci, kter\u00e1 se spust\u00ed zrovna ve chv\u00edli, kdy nejv\u00edc pot\u0159ebuje\u0161 \u010das. N\u011bkter\u00e9 dny prost\u011b vypadaj\u00ed jako \u0161patn\u00fd vtip. Ale co kdy\u017e pr\u00e1v\u011b tyhle momenty jsou ty nejlep\u0161\u00ed historky pro k\u00e1mo\u0161e? V\u017edy\u0165 kdyby se ti \u010daj nevylil na triko, mo\u017en\u00e1 bys nepotkal kolemjdouc\u00edho, kter\u00fd se na tebe usm\u00e1l. A kdy\u017e autobus ujel, m\u011bl jsi aspo\u0148 chvilku na zamy\u0161len\u00ed. Tyhle mal\u00e9 katastrofy d\u011blaj\u00ed den zaj\u00edmav\u011bj\u0161\u00edm. Proto\u017ee na dny, kdy \u0161lo v\u0161echno hladce, si m\u00e1lokdy vzpomene\u0161. Ale na ty, kdy jsi musel improvizovat a zasm\u00e1t se s\u00e1m sob\u011b, si pamatuje\u0161 nejv\u00edc.<\/span><\/span><\/p>\n<h3 align=\"left\"><\/h3>\n<p class=\"western\" align=\"left\"><strong><span style=\"font-family: Arial, sans-serif;\"><span style=\"font-size: medium;\">Sout\u011b\u017en\u00ed text z\u00e1kladn\u00edch \u0161kol:<\/span><\/span><\/strong><\/p>\n<p class=\"western\" align=\"left\"><span style=\"font-family: Arial, sans-serif;\"><span style=\"font-size: medium;\">V ka\u017ed\u00e9m z n\u00e1s je kousek superhrdiny. Nejde o schopnost l\u00e9tat nebo zastavit \u010das, ale o mal\u00e9, ka\u017edodenn\u00ed chv\u00edle, kter\u00e9 si mo\u017en\u00e1 ani neuv\u011bdomujeme. T\u0159eba kdy\u017e pom\u016f\u017ee\u0161 kamar\u00e1dovi s \u00fakolem nebo podr\u017e\u00ed\u0161 dve\u0159e n\u011bkomu, kdo m\u00e1 pln\u00e9 ruce. Tyhle mal\u00e9 \u010diny jsou neviditeln\u00e9, ale d\u016fle\u017eit\u00e9. Mo\u017en\u00e1 jsi t\u00edm n\u011bkomu zlep\u0161il n\u00e1ladu a stal se d\u016fvodem, pro\u010d si n\u011bkdo \u0159ekne, \u017ee sv\u011bt je fajn m\u00edsto. A to je mo\u017en\u00e1 v\u011bt\u0161\u00ed hrdinstv\u00ed ne\u017e cokoliv jin\u00e9ho. Proto\u017ee b\u00fdt hrdinou v oby\u010dejn\u00e9m dni? To je n\u011bco, co se po\u010d\u00edt\u00e1. A v\u00ed\u0161 co? N\u011bkdy sta\u010d\u00ed jen \u00fasm\u011bv nebo slovo povzbuzen\u00ed. I t\u00edm m\u016f\u017ee\u0161 n\u011bkomu zm\u011bnit den.<\/span><\/span><\/p>\n<h6 align=\"left\"><\/h6>\n<h3 class=\"western\" align=\"left\"><strong><span style=\"font-family: Arial, sans-serif;\"><span style=\"font-size: medium;\">Fotogalerie:<\/span><\/span><\/strong><\/h3>\n<p class=\"western\" align=\"left\"><img loading=\"lazy\" decoding=\"async\" class=\"alignnone wp-image-5764\" src=\"https:\/\/www.psanihrave.cz\/blog\/wp-content\/uploads\/2025\/05\/GmK-fotka1.jpg\" alt=\"\" width=\"241\" height=\"301\" \/> <img loading=\"lazy\" decoding=\"async\" class=\"alignnone wp-image-5761\" src=\"https:\/\/www.psanihrave.cz\/blog\/wp-content\/uploads\/2025\/05\/gmk-fotka4.jpg\" alt=\"\" width=\"241\" height=\"302\" \/> <img loading=\"lazy\" decoding=\"async\" class=\"alignnone wp-image-5762\" src=\"https:\/\/www.psanihrave.cz\/blog\/wp-content\/uploads\/2025\/05\/gmk-fotka3.jpg\" alt=\"\" width=\"240\" height=\"299\" \/> <img loading=\"lazy\" decoding=\"async\" class=\"alignnone wp-image-5768\" src=\"https:\/\/www.psanihrave.cz\/blog\/wp-content\/uploads\/2025\/05\/Soutez-2025-Dlabaja-Vojtech-scaled.jpg\" alt=\"\" width=\"385\" height=\"299\" \/> <img loading=\"lazy\" decoding=\"async\" class=\"alignnone wp-image-5767\" src=\"https:\/\/www.psanihrave.cz\/blog\/wp-content\/uploads\/2025\/05\/Soutez-2025-Davidova-Himlarova-scaled.jpg\" alt=\"\" width=\"326\" height=\"299\" \/> <a href=\"https:\/\/www.psanihrave.cz\/blog\/wp-content\/uploads\/2025\/05\/IMG_20250404_173441-scaled.jpg\"><img loading=\"lazy\" decoding=\"async\" class=\"alignnone wp-image-5771\" src=\"https:\/\/www.psanihrave.cz\/blog\/wp-content\/uploads\/2025\/05\/IMG_20250404_173441-scaled.jpg\" alt=\"\" width=\"362\" height=\"271\" \/><\/a> <a href=\"https:\/\/www.psanihrave.cz\/blog\/wp-content\/uploads\/2025\/05\/mistrovstvi-v-psani-scaled.jpg\"><img loading=\"lazy\" decoding=\"async\" class=\"alignnone wp-image-5776\" src=\"https:\/\/www.psanihrave.cz\/blog\/wp-content\/uploads\/2025\/05\/mistrovstvi-v-psani-scaled.jpg\" alt=\"\" width=\"424\" height=\"267\" \/><\/a> <img loading=\"lazy\" decoding=\"async\" class=\"alignnone wp-image-5784\" src=\"https:\/\/www.psanihrave.cz\/blog\/wp-content\/uploads\/2025\/05\/Navrh-bez-nazvu.png\" alt=\"\" width=\"360\" height=\"270\" \/>\u00a0\u00a0<a href=\"https:\/\/www.psanihrave.cz\/blog\/wp-content\/uploads\/2025\/05\/2.png\"><img loading=\"lazy\" decoding=\"async\" class=\"alignnone wp-image-5778\" src=\"https:\/\/www.psanihrave.cz\/blog\/wp-content\/uploads\/2025\/05\/2.png\" alt=\"\" width=\"371\" height=\"278\" \/> <img loading=\"lazy\" decoding=\"async\" class=\"alignnone wp-image-5792\" src=\"https:\/\/www.psanihrave.cz\/blog\/wp-content\/uploads\/2025\/05\/IMG_20250529_111128-scaled.jpg\" alt=\"\" width=\"343\" height=\"257\" \/> <img loading=\"lazy\" decoding=\"async\" class=\"alignnone wp-image-5793\" src=\"https:\/\/www.psanihrave.cz\/blog\/wp-content\/uploads\/2025\/05\/Navrh-bez-nazvu-1.png\" alt=\"\" width=\"344\" height=\"258\" \/> <img loading=\"lazy\" decoding=\"async\" class=\"alignnone wp-image-5800\" src=\"https:\/\/www.psanihrave.cz\/blog\/wp-content\/uploads\/2025\/05\/Gymnazium-Radlicka-scaled.jpg\" alt=\"\" width=\"343\" height=\"257\" \/> <img loading=\"lazy\" decoding=\"async\" class=\"alignnone wp-image-5804\" src=\"https:\/\/www.psanihrave.cz\/blog\/wp-content\/uploads\/2025\/05\/Podkrusnohorske-gymnazium-Most-4-scaled.jpeg\" alt=\"\" width=\"193\" height=\"257\" \/> <img loading=\"lazy\" decoding=\"async\" class=\"alignnone wp-image-5806\" src=\"https:\/\/www.psanihrave.cz\/blog\/wp-content\/uploads\/2025\/05\/Podkrusnohorske-gymnazium-Most-5-scaled.jpeg\" alt=\"\" width=\"406\" height=\"305\" \/> <img loading=\"lazy\" decoding=\"async\" class=\"alignnone wp-image-5808\" src=\"https:\/\/www.psanihrave.cz\/blog\/wp-content\/uploads\/2025\/05\/Gymnazium-MK-Bilovec-1-scaled.jpg\" alt=\"\" width=\"228\" height=\"304\" \/> <img loading=\"lazy\" decoding=\"async\" class=\"alignnone wp-image-5809\" src=\"https:\/\/www.psanihrave.cz\/blog\/wp-content\/uploads\/2025\/05\/Gymnazium-MK-Bilovec-7-scaled.jpg\" alt=\"\" width=\"241\" height=\"321\" \/> <img loading=\"lazy\" decoding=\"async\" class=\"alignnone wp-image-5810\" src=\"https:\/\/www.psanihrave.cz\/blog\/wp-content\/uploads\/2025\/05\/Gymnazium-MK-Bilovec-6-scaled.jpg\" alt=\"\" width=\"239\" height=\"319\" \/> <img loading=\"lazy\" decoding=\"async\" class=\"alignnone wp-image-5811\" src=\"https:\/\/www.psanihrave.cz\/blog\/wp-content\/uploads\/2025\/05\/Gymnazium-MK-Bilovec-5-scaled.jpg\" alt=\"\" width=\"325\" height=\"317\" \/> <img loading=\"lazy\" decoding=\"async\" class=\"alignnone wp-image-5813\" src=\"https:\/\/www.psanihrave.cz\/blog\/wp-content\/uploads\/2025\/05\/Gymnazium-MK-Bilovec-2-scaled.jpg\" alt=\"\" width=\"364\" height=\"316\" \/> <img loading=\"lazy\" decoding=\"async\" class=\"alignnone wp-image-5814\" src=\"https:\/\/www.psanihrave.cz\/blog\/wp-content\/uploads\/2025\/05\/Gymnazium-MK-Bilovec-3-scaled.jpg\" alt=\"\" width=\"363\" height=\"337\" \/><\/a><\/p>\n","protected":false},"excerpt":{"rendered":"<p>P\u0159es 1100 \u017e\u00e1k\u016f, des\u00edtky \u0161kol a jeden t\u00fdden, kdy kl\u00e1vesnice svi\u0161t\u011bly naplno. Mistrovstv\u00ed v psan\u00ed v\u0161emi deseti 2025 p\u0159ineslo skv\u011bl\u00e9 v\u00fdkony, radost z pokroku i p\u0159\u00edb\u011bhy, kter\u00e9 stoj\u00ed za sd\u00edlen\u00ed. Jak m\u016f\u017ee psan\u00ed na kl\u00e1vesnici probudit sout\u011b\u017eivost, motivaci a radost ze zlep\u0161ov\u00e1n\u00ed? Odpov\u011b\u010f jsme letos vid\u011bli na vlastn\u00ed o\u010di. A byli u toho stovky \u017e\u00e1k\u016f [&hellip;]<\/p>\n","protected":false},"author":13,"featured_media":5733,"comment_status":"closed","ping_status":"closed","sticky":false,"template":"","format":"standard","meta":{"_et_pb_use_builder":"","_et_pb_old_content":"","_et_gb_content_width":"","footnotes":""},"categories":[10,21],"tags":[],"class_list":["post-5732","post","type-post","status-publish","format-standard","has-post-thumbnail","hentry","category-skoly","category-co-nejlepe-funguje-ve-vyuce"],"_links":{"self":[{"href":"https:\/\/www.psanihrave.cz\/blog\/wp-json\/wp\/v2\/posts\/5732","targetHints":{"allow":["GET"]}}],"collection":[{"href":"https:\/\/www.psanihrave.cz\/blog\/wp-json\/wp\/v2\/posts"}],"about":[{"href":"https:\/\/www.psanihrave.cz\/blog\/wp-json\/wp\/v2\/types\/post"}],"author":[{"embeddable":true,"href":"https:\/\/www.psanihrave.cz\/blog\/wp-json\/wp\/v2\/users\/13"}],"replies":[{"embeddable":true,"href":"https:\/\/www.psanihrave.cz\/blog\/wp-json\/wp\/v2\/comments?post=5732"}],"version-history":[{"count":42,"href":"https:\/\/www.psanihrave.cz\/blog\/wp-json\/wp\/v2\/posts\/5732\/revisions"}],"predecessor-version":[{"id":5815,"href":"https:\/\/www.psanihrave.cz\/blog\/wp-json\/wp\/v2\/posts\/5732\/revisions\/5815"}],"wp:featuredmedia":[{"embeddable":true,"href":"https:\/\/www.psanihrave.cz\/blog\/wp-json\/wp\/v2\/media\/5733"}],"wp:attachment":[{"href":"https:\/\/www.psanihrave.cz\/blog\/wp-json\/wp\/v2\/media?parent=5732"}],"wp:term":[{"taxonomy":"category","embeddable":true,"href":"https:\/\/www.psanihrave.cz\/blog\/wp-json\/wp\/v2\/categories?post=5732"},{"taxonomy":"post_tag","embeddable":true,"href":"https:\/\/www.psanihrave.cz\/blog\/wp-json\/wp\/v2\/tags?post=5732"}],"curies":[{"name":"wp","href":"https:\/\/api.w.org\/{rel}","templated":true}]}}